{"id":8879,"date":"2020-05-11T20:10:20","date_gmt":"2020-05-11T18:10:20","guid":{"rendered":"https:\/\/mirisna.com\/?p=8879"},"modified":"2025-03-24T15:29:40","modified_gmt":"2025-03-24T14:29:40","slug":"project-touch-2020","status":"publish","type":"post","link":"https:\/\/mirisna.com\/hr\/project-touch-2020\/","title":{"rendered":"Miguel Matos &#038; Elena Cvjetkovi\u0107 &#8211; Project Touch"},"content":{"rendered":"\n<blockquote class=\"wp-block-quote has-text-align-center is-layout-flow wp-block-quote-is-layout-flow\"><style>.wp-block-kadence-advancedheading.kt-adv-heading_df0b31-73, .wp-block-kadence-advancedheading.kt-adv-heading_df0b31-73[data-kb-block=\"kb-adv-heading_df0b31-73\"]{font-style:normal;}.wp-block-kadence-advancedheading.kt-adv-heading_df0b31-73 mark.kt-highlight, .wp-block-kadence-advancedheading.kt-adv-heading_df0b31-73[data-kb-block=\"kb-adv-heading_df0b31-73\"] mark.kt-highlight{font-style:normal;color:#f76a0c;-webkit-box-decoration-break:clone;box-decoration-break:clone;padding-top:0px;padding-right:0px;padding-bottom:0px;padding-left:0px;}.wp-block-kadence-advancedheading.kt-adv-heading_df0b31-73 img.kb-inline-image, .wp-block-kadence-advancedheading.kt-adv-heading_df0b31-73[data-kb-block=\"kb-adv-heading_df0b31-73\"] img.kb-inline-image{width:150px;vertical-align:baseline;}<\/style>\n<h2 class=\"kt-adv-heading_df0b31-73 wp-block-kadence-advancedheading\" data-kb-block=\"kb-adv-heading_df0b31-73\"><em>O \u201eDodiru\u201c<\/em><\/h2>\n\n\n\n<p><em>\u017deljeli smo posegnuti za niche parfemskim brendovima i ljubiteljima parfema i na zabavan na\u010din, unato\u010d svemu u 2020-oj pomo\u0107i pri plasiranju novog parfema &#8211;  samo bez uobi\u010dajenih financijskih tro\u0161kova. <\/em>&#8220;Dodir&#8221; &#8211; kao interakcija, razmjena i bliskost nasuprot socijalnoj distanci&#8230; <em><strong>Dodir <\/strong> kao  touche<\/em>, kao  parfemski botter. <em>Dodir <\/em>&#8230; kao dodir parfema na ko\u017ei &#8211; peti element neophodan kao bi bilo koji parfem procvao i dodirnuo nas i iznutra, u du\u0161u!<\/p>\n\n\n\n<p><em>Udru\u017eili smo snage: nesputan kreativni duh + obazrivost + autenti\u010dnost + hiperaktivnost, i ro\u0111en je Project Touch!<\/em><\/p>\n<cite><em>Touch Project 2020 &#8211; Elena Cvjetkovi\u0107 i Miguel Matos for Kajal Perfumes<\/em><\/cite><\/blockquote>\n\n\n\n<p class=\"has-drop-cap\">Na prvu, kada me dodirnulo ime projekta, instinktivno sam zaklimala glavom: <em>&#8220;Dodir! Pa da&#8230; a kako druga\u010dije? Mo\u017ee li biti logi\u010dnije i prirodnije?&#8221;<\/em> A kada sam saznala o \u010demu se radi &#8211; posko\u010dila sam! <\/p>\n\n\n\n<p>U vremenu Covid19 izolacije i niza nametnutih ograni\u010denja, samo kako bismo sa\u010duvali esencijalno &#8211; \u017eivot i zdravlje, na svim razinama na\u0161eg \u017eivota dodir je postao nezajam\u010den luksuz. <\/p>\n\n\n\n<p>\u017divi dru\u0161tveni dodiri, poslovni dodiri, iznenadni i neplanirani susreti koji nas duhovno obogate pa oboje dan druga\u010dije, dodiri koji oblikuju na\u0161a socijalna bi\u0107a i iz kojih izni\u010du kreativne ideje i poslovne mogu\u0107nosti postali su toliko prorije\u0111eni da i sama ponekad imam osje\u0107aj kako sam bilj\u010dica koja uspijeva bez sunca &#8211; ipak, ali ne i posve.  <\/p>\n\n\n\n<p>Ve\u0107 mjesecima unatrag gledam i kako aktivnosti ljudi od parfema zamiru i sve sam vi\u0161e uvjerena da poslovni oprez miri\u0161e i kroz ekrane, gotovo kao da dolazi s ko\u017ee iz koje ljudi ne mogu, i taj miris &#8211; nije parfem.  <\/p>\n\n\n\n<p>Naravno da sam posko\u010dila!<\/p>\n\n\n\n<p>Dvoje profesionalaca \u010diji se profili skladno i vi\u0161edimenzionalno nadopunjuju, ujedno i ljudi koje cijenim, odlu\u010dili su okrenuti igru! <\/p>\n\n\n\n<p>Tijekom ovoga travnja, u vrijeme otkazivanja Exsencea, a s njime i predstavljanja brojnih ovogodi\u0161njih parfemskih noviteta, sve gu\u0161\u0107e zbijene neizvjesnosti oko poslovne budu\u0107nosti i ograni\u010denja u kojima i proizvo\u0111a\u010di parfema jedva dr\u017ee glavu nad vodom, ove srodne i komplementarne parfemske du\u0161ice nisu klonule &#8211; <em>naprotiv!  <\/em><\/p>\n\n\n\n<p>Preko svojih ekrana, u komunikaciji koja je &#8211; poznavaju\u0107i jednog od njih osobno, a drugog virtualno, ali i kreacija na mojoj ko\u017ei &#8211; morala biti vrckava, pr\u0161tava, hiperaktivna, ali i jasno, duboko prizemljeno analiti\u010dna, rodila se esencija: <em>Dodir<\/em>, a zatim se uobli\u010dio i projekt.<\/p>\n\n\n\n<p>Parfumer <em>Miguel Matos<\/em>  i <em>Elena Cvjetkovi\u0107 <\/em>, kreativna direktorica, marketinga\u0161ica, udru\u017eili su snage i ponudili svoja specifi\u010dna znanja i know-how bru\u0161en kroz godine prakse u svojim profesijama kako bi odabranom brendu omogu\u0107ili proizvodnju i plasiranje novog parfema &#8211; bez ikakve naknade!<\/p>\n\n\n\n<p>Nakon \u0161to su pro\u0161loga tjedna oglasili javni poziv, za odabir se prijavilo sveukupno 10 niche ku\u0107a i brendova, a tandem Matos-Cvjetkovi\u0107 odabrao je <em>Kajal<\/em>.  S prekju\u010dera\u0161njim danom znamo sve uklju\u010dene, uklju\u010duju\u0107i i <em>C de la Niche<\/em>, laboratorij koji pru\u017ea punu podr\u0161ku <em>Projektu Touch u <\/em>svim etapama proizvodnje parfema. Precizniji opis projekta mo\u017eete pro\u010ditati na <a href=\"https:\/\/theplumgirl.com\/\" target=\"_blank\" rel=\"noopener\">The Plum Girl,<\/a> Eleninom blogu, <a href=\"https:\/\/theplumgirl.com\/project-touch-2020-info-perfume-brand-announcement\/\" target=\"_blank\" rel=\"noopener\">ovdje<\/a>.  <\/p>\n\n\n\n<p>Ovih dana svi smo svjesni da posebne okolnosti tra\u017ee od nas iznala\u017eenje posebnih rije\u0161enja, a po\u010desto smo i svjedoci kako ona nisu uvijek win-win.  Prva stvar koja \u010dini <em>Project Touch<\/em> posebnim jest da je ovo doista win-win za sve uklju\u010dene: profesionalci i aktivni \u010dlanovi parfemske zajednice investiraju svoja znanja i vrijeme u stvaranje proizvoda &#8211; <em>ne za sebe, ve\u0107 za nekog drugog,<\/em> parfemska ku\u0107a u globalnom nevremenu dobiva konkretno materijalno rastere\u0107enje, a parfemoljupci, na kraju, novi parfem. <\/p>\n\n\n\n<p><em>Project Touch <\/em> \u010dini mi se jo\u0161 i va\u017eniji te nadasve poseban zbog poruke<em> <\/em>koju je uspio kristalno jasno uobli\u010diti: <em> <\/em><\/p>\n\n\n\n<p>Svi se dodirujemo. Svi ovisimo jedni o drugima.  <\/p>\n\n\n\n<p>Klju\u010dnu rije\u010d naglasili su sami kreatori projekta, a ja \u0107u ju prebaciti u novi red &#8211; da bude okru\u017eena \u010distom, jasnom bjelinom:<\/p>\n\n\n\n<blockquote class=\"wp-block-quote has-text-align-center is-layout-flow wp-block-quote-is-layout-flow\">\n<p>Obazrivost.<\/p>\n<\/blockquote>\n\n\n\n<p>U odnosu na brojne bloger\/parfumer ili bloger\/ku\u0107a suradnje, ova je posve druga\u010dija &#8211; ali, kreirali su je i doista posebni duhovi: Miguel Matos izrastao je iz parfemske zajednice te ostao i \u017eivo i duboko ukorijenjen u nju, a Elena Cvjetkovi\u0107 &#8211; iako primarno do\u017eivljavana kao nagra\u0111ivani pisac o parfemima i autorica bloga &#8211; uz svoj Fragcom  \u017eivot  godinama  vodi uspje\u0161nu karijeru u marketingu, a sada je po prvi puta svoj najmanje poznat, a najja\u010di adut ubacila u igru &#8211; <em>za ljude od parfema.<\/em>  <\/p>\n\n\n\n<p>\u010cini mi se i bitno naglasiti da autenti\u010dnost oboje kreatora projekta proizlazi upravo iz \u0161irine iskustva i pogleda  &#8211; mogu\u0107nost paralelne perspektive i sagledavanja iz vi\u0161e kutova neprocjenjiva je. U ovom projektu je mogu\u0107nost razmi\u0161ljanja i iz perspektive proizvo\u0111a\u010da parfema,ali i iz perspektive ljubitelja parfema te anga\u017eiranog \u010dlana parfemske zajednice dodatno oboga\u0107ena dragocjenim osobnim senzibilitetima i majstorski svedena na samo jednu klju\u010dnu rije\u010d, a nju \u0107u &#8211; ovim nezahvalnim okolnostima &#8211; opet ponoviti: <em>Obazrivost.<\/em><\/p>\n\n\n\n<p>U vremenu neda\u0107a, prije neko \u0161to su se udru\u017eili i postali zajedni\u010dki kreativno hiperaktivni, ovi afirmirani profesionalci su <em>analizirali  i<\/em> <em>razmi\u0161ljali o drugima<\/em>, samo kako bi besplatno ponudili svoja najbolja znanja i svoje profesionalno vrijeme.<\/p>\n\n\n\n<p>Da,<em> Project Touch 2020<\/em> jest poseban. <\/p>\n\n\n\n<h3 class=\"has-text-align-center wp-block-heading\">MIGUEL MATOS, parfumer<\/h3>\n\n\n\n<div class=\"wp-block-columns is-layout-flex wp-container-core-columns-is-layout-9d6595d7 wp-block-columns-is-layout-flex\">\n<div class=\"wp-block-column is-layout-flow wp-block-column-is-layout-flow\"><div class=\"wp-block-image\">\n<figure class=\"alignright size-large\"><img loading=\"lazy\" decoding=\"async\" width=\"550\" height=\"414\" src=\"https:\/\/mirisna.com\/wp-content\/uploads\/2020\/05\/Miguel-Matos.jpg\" alt=\"Miguel-Matos\" class=\"wp-image-8885\" title=\"\" srcset=\"https:\/\/mirisna.com\/wp-content\/uploads\/2020\/05\/Miguel-Matos.jpg 550w, https:\/\/mirisna.com\/wp-content\/uploads\/2020\/05\/Miguel-Matos-300x226.jpg 300w\" sizes=\"auto, (max-width: 550px) 100vw, 550px\" \/><\/figure>\n<\/div><\/div>\n\n\n\n<div class=\"wp-block-column is-layout-flow wp-block-column-is-layout-flow\">\n<p>Miguel  je kriti\u010dar parfema, autor knjige, kolumnist <em>Fragrantice<\/em> i samouki parfumer. Kao pisac o parfemima, Miguel je i vi\u0161estruki finalist za nagrade <em>The Fragrance Foundation<\/em> i <em>The Perfume Plume Awards.<\/em><\/p>\n\n\n\n<p>U njegovom portfelju parfema nalaze se mirisi za <em>Sarah Baker<\/em>, <em>Nishane, Brunu Acamporu i<\/em> <em>Der Duft<\/em>. <\/p>\n\n\n\n<p>Njegov vlastiti brend <em>Miguel<a href=\"https:\/\/miguelmatosperfumes.shopk.it\/\" target=\"_blank\" rel=\"noopener\"> Matos Perfumes<\/a><\/em> sadr\u017ei kolekciju od 9 mirisa, a me\u0111u njima je i finalist Art and Olfaction Awards 2019, <em>Veneno<\/em>, te limitirana serija parfema <em>Scent of Fail. <\/em><\/p>\n\n\n\n<p>Ove godine Miguel je<a href=\"\/?p=8439\"> finalist nagrada Art and Olfaction<\/a> s parfemom <em>Young Hearts, <\/em>koji je kreirao za Brunu Acamporu.<\/p>\n<\/div>\n<\/div>\n\n\n\n<h3 class=\"has-text-align-center wp-block-heading\">ELENA CVJETKOVI\u0106, kreativna direktorica<\/h3>\n\n\n\n<div class=\"wp-block-columns is-layout-flex wp-container-core-columns-is-layout-9d6595d7 wp-block-columns-is-layout-flex\">\n<div class=\"wp-block-column is-layout-flow wp-block-column-is-layout-flow\"><div class=\"wp-block-image\">\n<figure class=\"alignright size-large\"><img loading=\"lazy\" decoding=\"async\" width=\"550\" height=\"431\" src=\"https:\/\/mirisna.com\/wp-content\/uploads\/2020\/05\/Elena-Cvjetkovi\u0107-2-e1589200411282.jpg\" alt=\"Elena-Cvjetkovi\u0107\" class=\"wp-image-8899\" title=\"\"><\/figure>\n<\/div><\/div>\n\n\n\n<div class=\"wp-block-column is-layout-flow wp-block-column-is-layout-flow\">\n<p>Elena je autorica parfemskog bloga <em>The Plum Girl<\/em> , urednica pri <a rel=\"noreferrer noopener\" href=\"https:\/\/www.cafleurebon.com\/\" target=\"_blank\">C<\/a><em><a rel=\"noreferrer noopener\" href=\"https:\/\/www.cafleurebon.com\/\" target=\"_blank\">aFleureBo<\/a>nu<\/em> <em> <\/em>i nagra\u0111ivana spisateljica o parfemima: u 2018. godini bila je u <em>Top 5 Finalist&nbsp;<\/em>za<em> The Fragrance Foundation Awards,<\/em> u 2019. godini osvojila je <em>The Perfumed &nbsp;Plume Awards<\/em>  u kategoriji InstaPost Short Story, a u 2020. godini je za istu nagradu nominirana u \u010dak tri kategorije.<\/p>\n\n\n\n<p>Elena je diplomirala na Ekonomskom fakultetu i kasnije se subspecijalizirala za  ogla\u0161avanje, a iza sebe ima vi\u0161e od 20 godina dugu karijeru u korporativnom marketingu.<\/p>\n<\/div>\n<\/div>\n\n\n<style>.wp-block-kadence-spacer.kt-block-spacer-_9894dd-0f .kt-block-spacer{height:40px;}.wp-block-kadence-spacer.kt-block-spacer-_9894dd-0f .kt-divider{border-top-width:1px;height:1px;border-top-color:var(--global-palette7, #EDF2F7);width:30%;border-top-style:solid;}<\/style>\n<div class=\"wp-block-kadence-spacer aligncenter kt-block-spacer-_9894dd-0f\"><div class=\"kt-block-spacer kt-block-spacer-halign-left\"><hr class=\"kt-divider\"\/><\/div><\/div>\n\n\n<style>.wp-block-kadence-advancedheading.kt-adv-heading_75b819-fa, .wp-block-kadence-advancedheading.kt-adv-heading_75b819-fa[data-kb-block=\"kb-adv-heading_75b819-fa\"]{text-align:center;font-style:normal;}.wp-block-kadence-advancedheading.kt-adv-heading_75b819-fa mark.kt-highlight, .wp-block-kadence-advancedheading.kt-adv-heading_75b819-fa[data-kb-block=\"kb-adv-heading_75b819-fa\"] mark.kt-highlight{font-style:normal;color:#f76a0c;-webkit-box-decoration-break:clone;box-decoration-break:clone;padding-top:0px;padding-right:0px;padding-bottom:0px;padding-left:0px;}.wp-block-kadence-advancedheading.kt-adv-heading_75b819-fa img.kb-inline-image, .wp-block-kadence-advancedheading.kt-adv-heading_75b819-fa[data-kb-block=\"kb-adv-heading_75b819-fa\"] img.kb-inline-image{width:150px;vertical-align:baseline;}<\/style>\n<h2 class=\"kt-adv-heading_75b819-fa wp-block-kadence-advancedheading\" data-kb-block=\"kb-adv-heading_75b819-fa\">UPDATE (12.4.2022)<\/h2>\n\n\n\n<p>Parfem proiza\u0161ao iz suradnje Miguela Matosa i Elene Cvjetkovi\u0107 u PROJEKTU TOUCH 2020 iza\u0161ao je pod imenom brenda Calaj Perfume, Flaviusa Calaja. <br>Vi\u0161e ovdje:<\/p>\n\n\n<style>.kt-post-loop_c11a36-02 .kadence-post-image{padding-top:0px;padding-right:30px;padding-bottom:10px;padding-left:0px;}.kt-post-loop_c11a36-02 .kt-feat-image-align-left{grid-template-columns:40% auto;}.kt-post-loop_c11a36-02 .kt-post-grid-wrap{gap:30px 30px;}.kt-post-loop_c11a36-02 .kt-blocks-post-grid-item{border-top-left-radius:0px;border-top-right-radius:0px;border-bottom-right-radius:0px;border-bottom-left-radius:0px;overflow:hidden;}.kt-post-loop_c11a36-02 .kt-blocks-post-grid-item .kt-blocks-post-grid-item-inner{padding-top:0px;padding-right:0px;padding-bottom:0px;padding-left:0px;}.kt-post-loop_c11a36-02 .kt-blocks-post-grid-item header{padding-top:0px;padding-right:0px;padding-bottom:10px;padding-left:0px;margin-top:0px;margin-right:0px;margin-bottom:0px;margin-left:0px;}.kt-post-loop_c11a36-02 .kt-blocks-post-grid-item .kt-blocks-above-categories{font-size:13px;line-height:20px;text-transform:uppercase;}.kt-post-loop_c11a36-02 .kt-blocks-post-grid-item .entry-title{padding-top:5px;padding-right:0px;padding-bottom:10px;padding-left:0px;margin-top:0px;margin-right:0px;margin-bottom:0px;margin-left:0px;font-size:22px;line-height:1.3em;font-weight:regular;font-style:normal;}.kt-post-loop_c11a36-02 .kt-blocks-post-grid-item .kt-blocks-post-top-meta a{color:var(--global-palette4, #2D3748);}.kt-post-loop_c11a36-02 .entry-content{padding-top:0px;padding-right:0px;padding-bottom:0px;padding-left:0px;margin-top:0px;margin-right:0px;margin-bottom:0px;margin-left:0px;font-size:14px;line-height:24px;}.kt-post-loop_c11a36-02 .kt-blocks-post-footer{border-top-width:0px;border-right-width:0px;border-bottom-width:0px;border-left-width:0px;padding-top:0px;padding-right:0px;padding-bottom:0px;padding-left:0px;margin-top:0px;margin-right:0px;margin-bottom:0px;margin-left:0px;font-size:12px;line-height:20px;text-transform:uppercase;}.kt-post-loop_c11a36-02 .entry-content:after{height:0px;}.kt-post-loop_c11a36-02 .kb-filter-item{border-top-width:0px;border-right-width:0px;border-bottom-width:2px;border-left-width:0px;padding-top:5px;padding-right:8px;padding-bottom:5px;padding-left:8px;margin-top:0px;margin-right:10px;margin-bottom:0px;margin-left:0px;}@media all and (max-width: 767px){.kt-post-loop_c11a36-02 .kt-blocks-post-grid-item .entry-title{font-size:18px;}}<\/style><div class=\"wp-block-kadence-postgrid kt-blocks-post-loop-block alignnone kt-post-loop_c11a36-02 kt-post-grid-layout-grid \"><div class=\"kt-post-grid-layout-grid-wrap kt-post-grid-wrap\" data-columns-xxl=\"1\" data-columns-xl=\"1\" data-columns-md=\"1\" data-columns-sm=\"1\" data-columns-xs=\"1\" data-columns-ss=\"1\"data-item-selector=\".kt-post-masonry-item\" aria-label=\"Post Carousel\"><article class=\"kt-blocks-post-grid-item post-66518 post type-post status-publish format-standard has-post-thumbnail hentry category-vijesti-i-info kreator-miguel-matos brand-calaj-perfumes parfemska_grupa-ambra parfemska_grupa-cvjetno-ambreni parfemska_grupa-ambreni-orijentalni note-ambra note-jasmin osobe-elena-cvjetkovic\"><div class=\"kt-blocks-post-grid-item-inner-wrap kt-feat-image-align-left kt-feat-image-mobile-align-top\"><div class=\"kadence-post-image\"><div class=\"kadence-post-image-intrisic kt-image-ratio-66-67\" style=\"padding-bottom:66.67%;\"><div class=\"kadence-post-image-inner-intrisic\"><a href=\"https:\/\/mirisna.com\/hr\/panther-fangs-calaj-perfume-miguel-matos-elena-cvjetkovic-2022\/\" aria-label=\"Read More Panther Fangs &#8211; Calaj Perfume\" class=\"kadence-post-image-inner-wrap\"><img loading=\"lazy\" decoding=\"async\" width=\"1360\" height=\"764\" src=\"https:\/\/mirisna.com\/wp-content\/uploads\/2022\/04\/PSX_842-01-1400x786.jpeg\" class=\"attachment-large size-large wp-post-image\" alt=\"Calaj - Panther Fangs 1\" srcset=\"https:\/\/mirisna.com\/wp-content\/uploads\/2022\/04\/PSX_842-01-1400x786.jpeg 1400w, https:\/\/mirisna.com\/wp-content\/uploads\/2022\/04\/PSX_842-01-300x168.jpeg 300w, https:\/\/mirisna.com\/wp-content\/uploads\/2022\/04\/PSX_842-01-768x431.jpeg 768w, https:\/\/mirisna.com\/wp-content\/uploads\/2022\/04\/PSX_842-01-1536x862.jpeg 1536w, https:\/\/mirisna.com\/wp-content\/uploads\/2022\/04\/PSX_842-01.jpeg 2000w\" sizes=\"auto, (max-width: 1360px) 100vw, 1360px\" title=\"\"><\/a><\/div><\/div><\/div><div class=\"kt-blocks-post-grid-item-inner\"><header><h2 class=\"entry-title\"><a href=\"https:\/\/mirisna.com\/hr\/panther-fangs-calaj-perfume-miguel-matos-elena-cvjetkovic-2022\/\">Panther Fangs &#8211; Calaj Perfume<\/a><\/h2><div class=\"kt-blocks-post-top-meta\"><div class=\"kt-blocks-date\"><time datetime=\"2022-04-12T19:05:56+02:00\" class=\"kt-blocks-post-date\">12\/04\/2022<\/time><\/div><div class=\"kt-blocks-meta-divider kt-blocks-meta-has-divider\">&#124;<\/div><div class=\"kt-blocks-post-author\"><span class=\"kt-blocks-categories\"><a href=\"https:\/\/mirisna.com\/hr\/teme\/vijesti-i-info\/\" class=\"category-link-vijesti-i-info\" rel=\"tag\">Vijesti i info<\/a><\/span><\/div><\/div><\/header><div class=\"entry-content\"><\/div><footer class=\"kt-blocks-post-footer\"><div class=\"kt-blocks-post-footer-left\"><\/div><div class=\"kt-blocks-post-footer-right\"><\/div><\/footer><\/div><\/div><\/article><\/div><\/div><!-- .wp-block-kadence-postgrid -->\n\n\n<div style=\"height:30px\" aria-hidden=\"true\" class=\"wp-block-spacer\"><\/div>\n","protected":false},"excerpt":{"rendered":"<p>Parfumer Miguel Matos i Elena Cvjetkovi\u0107, kreativna direktorica, udru\u017eili su snage i svoj know-how kako bi odabranom brendu omogu\u0107ili plasiranje novog parfema.<\/p>\n","protected":false},"author":1,"featured_media":11714,"comment_status":"open","ping_status":"closed","sticky":false,"template":"","format":"standard","meta":{"_acf_changed":false,"_kad_blocks_custom_css":"","_kad_blocks_head_custom_js":"","_kad_blocks_body_custom_js":"","_kad_blocks_footer_custom_js":"","_kad_post_transparent":"","_kad_post_title":"","_kad_post_layout":"","_kad_post_sidebar_id":"","_kad_post_content_style":"","_kad_post_vertical_padding":"","_kad_post_feature":"","_kad_post_feature_position":"","_kad_post_header":false,"_kad_post_footer":false,"_kad_post_classname":"","footnotes":""},"categories":[3189],"tags":[],"kreator":[1866],"topic":[],"brand":[],"parfemska_grupa":[],"note":[],"organization":[],"osobe":[2053],"serijal":[],"class_list":["post-8879","post","type-post","status-publish","format-standard","has-post-thumbnail","hentry","category-fokus","kreator-miguel-matos","osobe-elena-cvjetkovic"],"acf":{"show_related_posts":false,"related-post_1":null,"related-post_2":null,"related-post_3":null,"related-post_4":null,"related-post_5":null,"related-post_6":null,"related-post_7":null,"related-post_8":null,"related-post_9":null,"related-post_10":null},"taxonomy_info":{"category":[{"value":3189,"label":"Naglasci"}],"kreator":[{"value":1866,"label":"Miguel Matos"}],"osobe":[{"value":2053,"label":"Elena Cvjetkovi\u0107"}]},"featured_image_src_large":["https:\/\/mirisna.com\/wp-content\/uploads\/2020\/06\/Project-Touch-big.jpg",800,413,false],"author_info":{"display_name":"Iva Mirisna","author_link":"https:\/\/mirisna.com\/hr\/author\/miradmin\/"},"comment_info":0,"category_info":[{"term_id":3189,"name":"Naglasci","slug":"fokus","term_group":0,"term_taxonomy_id":3189,"taxonomy":"category","description":"","parent":2980,"count":18,"filter":"raw","term_order":"0","cat_ID":3189,"category_count":18,"category_description":"","cat_name":"Naglasci","category_nicename":"fokus","category_parent":2980}],"tag_info":false,"_links":{"self":[{"href":"https:\/\/mirisna.com\/hr\/wp-json\/wp\/v2\/posts\/8879","targetHints":{"allow":["GET"]}}],"collection":[{"href":"https:\/\/mirisna.com\/hr\/wp-json\/wp\/v2\/posts"}],"about":[{"href":"https:\/\/mirisna.com\/hr\/wp-json\/wp\/v2\/types\/post"}],"author":[{"embeddable":true,"href":"https:\/\/mirisna.com\/hr\/wp-json\/wp\/v2\/users\/1"}],"replies":[{"embeddable":true,"href":"https:\/\/mirisna.com\/hr\/wp-json\/wp\/v2\/comments?post=8879"}],"version-history":[{"count":0,"href":"https:\/\/mirisna.com\/hr\/wp-json\/wp\/v2\/posts\/8879\/revisions"}],"wp:featuredmedia":[{"embeddable":true,"href":"https:\/\/mirisna.com\/hr\/wp-json\/wp\/v2\/media\/11714"}],"wp:attachment":[{"href":"https:\/\/mirisna.com\/hr\/wp-json\/wp\/v2\/media?parent=8879"}],"wp:term":[{"taxonomy":"category","embeddable":true,"href":"https:\/\/mirisna.com\/hr\/wp-json\/wp\/v2\/categories?post=8879"},{"taxonomy":"post_tag","embeddable":true,"href":"https:\/\/mirisna.com\/hr\/wp-json\/wp\/v2\/tags?post=8879"},{"taxonomy":"kreator","embeddable":true,"href":"https:\/\/mirisna.com\/hr\/wp-json\/wp\/v2\/kreator?post=8879"},{"taxonomy":"topic","embeddable":true,"href":"https:\/\/mirisna.com\/hr\/wp-json\/wp\/v2\/topic?post=8879"},{"taxonomy":"brand","embeddable":true,"href":"https:\/\/mirisna.com\/hr\/wp-json\/wp\/v2\/brand?post=8879"},{"taxonomy":"parfemska_grupa","embeddable":true,"href":"https:\/\/mirisna.com\/hr\/wp-json\/wp\/v2\/parfemska_grupa?post=8879"},{"taxonomy":"note","embeddable":true,"href":"https:\/\/mirisna.com\/hr\/wp-json\/wp\/v2\/note?post=8879"},{"taxonomy":"organization","embeddable":true,"href":"https:\/\/mirisna.com\/hr\/wp-json\/wp\/v2\/organization?post=8879"},{"taxonomy":"osobe","embeddable":true,"href":"https:\/\/mirisna.com\/hr\/wp-json\/wp\/v2\/osobe?post=8879"},{"taxonomy":"serijal","embeddable":true,"href":"https:\/\/mirisna.com\/hr\/wp-json\/wp\/v2\/serijal?post=8879"}],"curies":[{"name":"wp","href":"https:\/\/api.w.org\/{rel}","templated":true}]}}