{"id":662,"date":"2019-12-16T19:05:00","date_gmt":"2019-12-16T18:05:00","guid":{"rendered":"http:\/\/scented-shelf.com\/blind-test-challenge\/"},"modified":"2025-03-24T15:46:04","modified_gmt":"2025-03-24T14:46:04","slug":"blind-test-challenge","status":"publish","type":"post","link":"https:\/\/mirisna.com\/hr\/blind-test-challenge\/","title":{"rendered":"Blind test challenge"},"content":{"rendered":"\n<p class=\"has-drop-cap\">Sredinom studenoga me\u0111u parfemske kolege u Facebook grupi&nbsp;<strong>Ljubitelji parfema Hrvatska<\/strong> ba\u010dena je udica s mamcem: <strong>Luka, <\/strong>administrator grupe, u postu je objavio kako povremeno sam testira svoj nos tako \u0161to pomije\u0161a sempli\u0107e pa poku\u0161a prepoznati koji je to parfem odabrao naslijepo. Dodao je kako su takva testiranja vrlo korisna.<\/p>\n\n\n\n<p>Iako Luka nije ba\u0161 posve jasno napisao &#8220;quick blind test&#8221; &#8211; ideja bila tu. Iz svoje fotelje, predve\u010der, nadovezala sam se na njegov post, prisje\u0107aju\u0107i se kako si seka i ja svako toliko priu\u0161timo razmjenu neozna\u010denih sempli\u0107a i svojevrstan blind test. Slo\u017eila sam se da su takva testiranja uvijek sjajna i nadasve korisna. <\/p>\n\n\n\n<p>Nakon ovog je i\u0161lo brzo: mislim da je ve\u0107 druga razmjena komentara zavr\u0161ila mojim: <em>&#8220;Ja sam za!&#8221;<\/em>. <\/p>\n\n\n\n<p> Toliko o hvatanju na ba\u010denu udicu. <\/p>\n\n\n\n<p>Glatko i brzo, ja sam postala Lukina partnerica u testiranju naslijepo, a Luka moj: dogovorili smo se da \u0107emo napraviti 5 uzoraka, me\u0111u kojima \u0107e biti ne\u0161to nichea i ne\u0161to dizajnersa, da \u0107emo semplove ozna\u010diti samo brojevima i razmijeniti paketi\u0107e.<\/p>\n\n\n\n<p>Snimit \u0107emo svoje testiranje i onda to iskustvo u obliku videa istog dana podijeliti u grupi.<\/p>\n\n\n\n<p>Ideja o testiranju naslijepo pretvorila se u <em>izazov<\/em>: No, nije se radilo o Lukinom izazovu mom nosu, ili obratno &#8211; kod ovakvih testiranja uvijek se najvi\u0161e radi o na\u0161im vlastitim nosevima, a partner je tu da nam pomogne stvoriti izazov nama samima.&nbsp; I ina\u010de volim takve uzajamnosti.&nbsp;<\/p>\n\n\n\n<p><em>Izazov<\/em> se odnosio na&nbsp;<em>javno&nbsp;<\/em>prezentiranje vi\u0161e na\u0161ih mirisnih nemogu\u0107nosti, nego mirisnih mogu\u0107nosti. <\/p>\n\n\n\n<p><em>&#8220;Let the public blam begin&#8230;&#8221;,&nbsp;<\/em>pomislila sam nakon \u0161to sam od Luke primila sliku sempli\u0107a koje mi \u0161alje (<em>gore<\/em>) i nakon \u0161to sam njemu poslala sliku svojih (<em>dolje<\/em>): &nbsp;  <\/p>\n\n\n<div class=\"wp-block-image\">\n<figure class=\"aligncenter size-large\"><img loading=\"lazy\" decoding=\"async\" width=\"509\" height=\"412\" src=\"https:\/\/scented-shelf.com\/wp-content\/uploads\/2020\/02\/blind-test-challenge-luka.jpg\" alt=\"blind-test-challenge-luka\" class=\"wp-image-1532\" title=\"\" srcset=\"https:\/\/mirisna.com\/wp-content\/uploads\/2020\/02\/blind-test-challenge-luka.jpg 509w, https:\/\/mirisna.com\/wp-content\/uploads\/2020\/02\/blind-test-challenge-luka-300x243.jpg 300w\" sizes=\"auto, (max-width: 509px) 100vw, 509px\" \/><\/figure>\n<\/div>\n\n<div class=\"wp-block-image\">\n<figure class=\"aligncenter size-full\"><img loading=\"lazy\" decoding=\"async\" width=\"457\" height=\"395\" src=\"https:\/\/scented-shelf.com\/wp-content\/uploads\/2019\/12\/Blindtest-uzorci-Iva.jpeg\" alt=\"Blindtest-uzorci-Iva\" class=\"wp-image-3238\" title=\"\" srcset=\"https:\/\/mirisna.com\/wp-content\/uploads\/2019\/12\/Blindtest-uzorci-Iva.jpeg 457w, https:\/\/mirisna.com\/wp-content\/uploads\/2019\/12\/Blindtest-uzorci-Iva-300x259.jpeg 300w\" sizes=\"auto, (max-width: 457px) 100vw, 457px\" \/><\/figure>\n<\/div>\n\n\n<p>Prilikom prihva\u0107anja izazova vodila sam se dulje vremena prisutnim osje\u0107ajem kako s vremena na vrijeme nije zgorega pri\u010de me\u0111u parfemoljupcima ipak malo prizemljiti. <\/p>\n\n\n\n<p>Ovaj poriv imam ve\u0107 neko vrijeme, a tu i tamo se odvrne na najja\u010de kad netko na temelju dvije i pol &#8220;mirisne note&#8221; napi\u0161e da pretpostavlja da je to &#8220;to\u010dno-taj-i-taj&#8221; parfem ili kad \u010ditam kako se bez gre\u0161ke prepoznaju neke sjajne i gotovo identi\u010dne reformulacije. <\/p>\n\n\n\n<p> Naravno, nije da sve to nije mogu\u0107e. <\/p>\n\n\n\n<p> Naravno da jest. <\/p>\n\n\n\n<p>Ali, uvijek se malo trznem i pomislim kako se na ovakve supermo\u0107i osvrnuo \u010dak i Ellena u svojoj knjizi &#8220;Parfem&#8221;, nazvav\u0161i neka od tih &#8220;na prvu&#8221; prepoznavanja onime \u0161to doista nije realno o\u010dekivati \u010dak niti od njega i njemu sli\u010dnih istreniranih noseva. <\/p>\n\n\n\n<p>Dodatno, kako vrijeme prolazi, sve jasnije osvje\u0161tavam da u zasluge isklju\u010divo na\u0161eg nosa pripisujemo zna\u010denja proiza\u0161la iz nizova &#8220;metapodataka&#8221; iz kojih crpimo svoju interpretaciju.<br>Tako\u0111er, na\u0161a tuma\u010denja mirisa vrlo \u010desto polusvjesno proizlaze iz konteksta u&nbsp; kojem se &#8220;prepoznavanje&#8221; odvija, odnosno iz svega \u0161to smo o parfemu \u010duli, pro\u010ditali, vidjeli ili znamo, ali i na\u010dina, vremena i okolnosti u kojima se testiranje odvija. <\/p>\n\n\n\n<p>Kasniji razgovori s Lukom potvrdili su da smo bili vo\u0111eni istim idejama i sli\u010dnom potrebom da &#8220;spustimo na zemlju&#8221; i demistificiramo parfemske supermo\u0107i prezentirane nekriti\u010dki i pre\u010desto.&nbsp;<\/p>\n\n\n\n<p>Testiranjem parfema bez prate\u0107ih metapodataka (imena ku\u0107e, imena i rodne kategorije parfema) te ikakvog vizuala (koji znatno utje\u010de na interpretraciju) suo\u010dili smo se s vrlo visokom vjerojatno\u0161\u0107u javnog blama pred grupom ljudi koja je, poput nas, pomirisala i upoznala znatno vi\u0161e parfema od prosje\u010dnih ljubitelja parfema. <\/p>\n\n\n\n<p>I&nbsp; &#8211; to se dogodilo! <\/p>\n\n\n\n<p>Ali, dogodilo se jo\u0161 pone\u0161to: solidna doza smijeha. <\/p>\n\n\n\n<p>Luka se pobrinuo za solidnu dozu mog smijeha, a mislim da sam i ja njemu napravila isto. <\/p>\n\n\n\n<p>Na\u0161 <em>public blind test challenge<\/em>&nbsp;dodatno se pokazao i kao iznimno&nbsp; nagra\u0111uju\u0107e iskustvo: te iste ve\u010deri kada smo u grupu pustili snimku na\u0161eg blama, za novi krug blind test izazova prijavio se jo\u0161 jedan par zaigranih i odva\u017enih duhova: kolege&nbsp;<strong>Nera i Damir<\/strong>.<\/p>\n\n\n\n<p>Od svega \u0161to sam iskusila, meni je ovo bio najljep\u0161i dio dijeljenog iskustva. Nera i Damir, \u010dlanovi grupe, nisu nikada prije me\u0111usobno sura\u0111ivali i njihovo &#8220;ad hoc&#8221; parfemsko uparivanje pridonijelo je \u0161irenju i produbljivanju parfemskih veza. <\/p>\n\n\n\n<p>A tu smo upravo zbog toga. I uvijek padam na to. Osobito ako je neoptere\u0107eno i za\u010dinjeno s malo adrenalina i dosta smijeha. <\/p>\n\n\n\n<p>Slijedi zbir iskustava za koja smo svo \u010detvero u razgovorima zaklju\u010dili da su zajedni\u010dka.<\/p>\n\n\n<style>.wp-block-kadence-advancedheading.kt-adv-heading_6e7342-90, .wp-block-kadence-advancedheading.kt-adv-heading_6e7342-90[data-kb-block=\"kb-adv-heading_6e7342-90\"]{padding-top:var(--global-kb-spacing-sm, 1.5rem);padding-bottom:0px;text-align:center;font-style:normal;text-transform:uppercase;}.wp-block-kadence-advancedheading.kt-adv-heading_6e7342-90 mark.kt-highlight, .wp-block-kadence-advancedheading.kt-adv-heading_6e7342-90[data-kb-block=\"kb-adv-heading_6e7342-90\"] mark.kt-highlight{font-style:normal;color:#f76a0c;-webkit-box-decoration-break:clone;box-decoration-break:clone;padding-top:0px;padding-right:0px;padding-bottom:0px;padding-left:0px;}.wp-block-kadence-advancedheading.kt-adv-heading_6e7342-90 img.kb-inline-image, .wp-block-kadence-advancedheading.kt-adv-heading_6e7342-90[data-kb-block=\"kb-adv-heading_6e7342-90\"] img.kb-inline-image{width:150px;vertical-align:baseline;}<\/style>\n<h2 class=\"kt-adv-heading_6e7342-90 wp-block-kadence-advancedheading\" data-kb-block=\"kb-adv-heading_6e7342-90\"> \u0160to smo proma\u0161ili i \u0161to smo nau\u010dili ili potvrdili<\/h2>\n\n\n<style>.wp-block-kadence-advancedheading.kt-adv-heading_43b9b3-37, .wp-block-kadence-advancedheading.kt-adv-heading_43b9b3-37[data-kb-block=\"kb-adv-heading_43b9b3-37\"]{padding-bottom:var(--global-kb-spacing-md, 2rem);text-align:center;font-style:normal;}.wp-block-kadence-advancedheading.kt-adv-heading_43b9b3-37 mark.kt-highlight, .wp-block-kadence-advancedheading.kt-adv-heading_43b9b3-37[data-kb-block=\"kb-adv-heading_43b9b3-37\"] mark.kt-highlight{font-style:normal;color:#f76a0c;-webkit-box-decoration-break:clone;box-decoration-break:clone;padding-top:0px;padding-right:0px;padding-bottom:0px;padding-left:0px;}.wp-block-kadence-advancedheading.kt-adv-heading_43b9b3-37 img.kb-inline-image, .wp-block-kadence-advancedheading.kt-adv-heading_43b9b3-37[data-kb-block=\"kb-adv-heading_43b9b3-37\"] img.kb-inline-image{width:150px;vertical-align:baseline;}<\/style>\n<h3 class=\"kt-adv-heading_43b9b3-37 wp-block-kadence-advancedheading\" data-kb-block=\"kb-adv-heading_43b9b3-37\">Luka i Iva, Nera i Damir &#8211; zajedni\u010dka iskustva<\/h3>\n\n\n<div class=\"wp-block-image\">\n<figure class=\"aligncenter size-full\"><img loading=\"lazy\" decoding=\"async\" width=\"550\" height=\"368\" src=\"https:\/\/mirisna.com\/wp-content\/uploads\/2020\/03\/Blind-test-chalenge-sudionici.jpg\" alt=\"Blind test challenge - sudionici\" class=\"wp-image-5216\" title=\"\" srcset=\"https:\/\/mirisna.com\/wp-content\/uploads\/2020\/03\/Blind-test-chalenge-sudionici.jpg 550w, https:\/\/mirisna.com\/wp-content\/uploads\/2020\/03\/Blind-test-chalenge-sudionici-300x201.jpg 300w\" sizes=\"auto, (max-width: 550px) 100vw, 550px\" \/><\/figure>\n<\/div>\n\n\n<p>Odmah jasno: <em>proma\u0161ili smo j-a-k-o&nbsp; p-u-n-o. S-v-i.<\/em><\/p>\n\n\n\n<p>No, na\u0161i naknadni dojmovi pokazali su zna\u010dajnu koli\u010dinu podudarnosti u zaklju\u010dcima:  <\/p>\n\n\n\n<blockquote class=\"wp-block-quote is-layout-flow wp-block-quote-is-layout-flow\">\n<p>Proma\u0161ivali smo i note, ali i cijele parfemske grupe te dokazali da sje\u0107anje (ponekad) vara. <\/p>\n<\/blockquote>\n\n\n\n<ul class=\"wp-block-list\">\n<li>Da netko parfemoljupcu ka\u017ee da u jednom od najpoznaztijih sandalovina i dominantno drvenih parfema&nbsp;<em>(Dyptique: Tam Dao)<\/em>&nbsp;ne mo\u017ee preoznati &#8220;drvo&#8221;, niti sandalovinu &#8211; zvu\u010dalo bi kao uvreda parfemskog nosa. Ili da parfemoljupki ka\u017ee da \u0107e proma\u0161iti cijelu parfemsku grupu (<em>Ted Lapidus Pour Homme<\/em>), a od nota prepoznati samo dvije&nbsp;<em>najmanje izra\u017eene,&nbsp;<\/em>ne bi zvu\u010dalo ni\u0161ta bolje. Ali, to se dogodilo.<\/li>\n<\/ul>\n\n\n\n<ul class=\"wp-block-list\">\n<li> Propustili smo prepoznati parfeme koje dobro poznajemo jer smo ih godinama mirisali s poznate ko\u017ee (<em>Hermesov&nbsp;Bel Ami Vetiver<\/em>), ili \u010dak nosili&nbsp;<em>(Guerlain: Mitsouko).<\/em> <\/li>\n<\/ul>\n\n\n\n<p> Ni\u0161ta \u010dudno.&nbsp; <\/p>\n\n\n\n<p>Nije rijetkost da se ovo dogodi pri brzinskim testiranjima i ovla\u0161 mirisanjima otvaranja, i to nakon \u0161to smo u kratkom vremenskom razmaku prethodno udahnuli dva ili \u010detiri parfema te dobrano o\u0161amutili mirisne receptore. <\/p>\n\n\n\n<p>Pouzdana testiranja zahtijevaju vrijeme, mirisnu izolaciju i koncentraciju te no\u0161enje, odnosno barem&nbsp; ponavljanje iskustva.&nbsp; <\/p>\n\n\n\n<p><em>Imajte ovo na umu kada donosite i &#8211; jo\u0161 va\u017enije &#8211; prenosite drugima sud o parfemu nakon \u0161to ste ga jednom pomirisali u parfumeriji s blotera, ili s ruke na koju ste prethodno nanijeli drugi parfem.&nbsp;<\/em><br><em>Ili vi\u0161e njih.<\/em><\/p>\n\n\n\n<blockquote class=\"wp-block-quote is-layout-flow wp-block-quote-is-layout-flow\">\n<p> Potvrdili smo da cijena i status (ponekad) navode na krive zaklju\u010dke. <\/p>\n<\/blockquote>\n\n\n\n<ul class=\"wp-block-list\">\n<li>Bili smo uvjereni da je vrlo jeftin i nepoznat celebrity parfem (<em>Lady Gaga: <a href=\"\/?p=3446\">Eau de Gaga<\/a><\/em>) jedan od <em>Jardina<\/em>, dakle \u010dlan doista izvanserijske Hermesove kolekcije.&nbsp;<\/li>\n<\/ul>\n\n\n\n<ul class=\"wp-block-list\">\n<li>I obratno: glatko smo izjavili da je jedan od ekskluzivnih i skupljih niche parfema (<em>Maison Francis Kurkdjian: Amyris Homme<\/em>) ne\u0161to \u0161to ne bismo stavili na svoju ko\u017eu, a miri\u0161emo to na svakom koraku. A i ne ba\u0161 jeftin i kultan <em>Dyptiqueov Tam Dao <\/em>ispao je &#8220;ba\u0161 bezveze&#8221;, ne\u0161to neposebno jer &#8220;ne miri\u0161i na ni\u0161ta&#8221;.<\/li>\n<\/ul>\n\n\n\n<p> Ovo se pokazalo i zabavno, i demaskiraju\u0107e. <\/p>\n\n\n\n<p>Osobno vjerujem da su cijena i kvaliteta kako kompozicije, tako i izvedbe usko povezani, ali &#8211; postoje iznimke.&nbsp;<\/p>\n\n\n\n<p><em>Stoga, bez obzira kako osobno definiramo svoju socijalnu komfort zonu, ukoliko doista volimo parfeme te nam oni predstavljaju vi\u0161e od statusa, potraga za onim \u0161to nam se svi\u0111a ne bi trebala biti isklju\u010diva prema jeftinijim izdanjima.<\/em><\/p>\n\n\n\n<blockquote class=\"wp-block-quote is-layout-flow wp-block-quote-is-layout-flow\">\n<p> Slo\u017eili smo se oko toga da parfemi nemaju rod. <\/p>\n<\/blockquote>\n\n\n\n<p> i da bez vizuala i narativa mnogo vi\u0161e parfema miri\u0161e unisex nego \u0161to smo to i mogli pretpostaviti:<\/p>\n\n\n\n<ul class=\"wp-block-list\">\n<li>Klasi\u010dni maskulin&nbsp;<em>Dior Pour Monsieur za \u017eenu? <\/em>Za\u0161to ne, \u017eeni je bio ok i nosila bi ga.<\/li>\n<\/ul>\n\n\n\n<ul class=\"wp-block-list\">\n<li><em>Klasi\u010dna Mitsouko<\/em> ili <em>Youth Dew<\/em>&nbsp;na mu\u0161karcu? Opet &#8211; za\u0161to ne, barem sude\u0107i po mu\u0161koj ko\u017ei i nosu.&nbsp;<\/li>\n<\/ul>\n\n\n\n<p><em>Vizuali i metapodaci &#8211; ono \u0161to nam sugerira izgled bo\u010dice i ono \u0161to znamo ili pro\u010ditamo s nje &#8211; definitivno uvjetuju i ograni\u010davaju na\u0161a mirisna iskustva.<\/em><\/p>\n\n\n\n<p>Radi se o kulturnoj uvjetovanosti, naslije\u0111enim obrascima i osobnom oprezu pri pomisli da \u0107e netko na nama namirisati &#8220;da smo suprotni spol&#8221;. Ukalupljivanje ove vrste doista nema nikakve veze s mirisnim molekulama i odvija se preko vizuala (izgoleda bo\u010doice i kutije) te prate\u0107ih tekstualnih podataka koji &#8220;ozna\u010davaju&#8221; parfem, zapravo nam opisuju\u0107i kako bismo ga trebali tuma\u010diti i nositi. <\/p>\n\n\n\n<p>Bez obzira radi li se o najizravnijem tipu metapodataka koji izravno utje\u010du na na\u0161a o\u010dekivanja i odabire, tipa &#8220;pour homme&#8221; \/&#8221;for her&#8221;, ili o onim suptilnijim (&#8220;Mitsouko&#8221;, &#8220;Sauvage&#8221;) &#8211;<em> mirisi nemaju rod.<\/em><\/p>\n\n\n\n<p><em>Stvar je osobne i osvije\u0161tene odluke u kojoj mjeri \u0107emo pristati na sugestiju i konvencije i ho\u0107emo li iskora\u010diti iz marketin\u0161ki ome\u0111ene rodne zone dovoljno da prihvatimo ono \u0161to nam ka\u017eu na\u0161 nos i na\u0161a ko\u017ea. Kako se pokazalo, sve to ima najmanje veze s mirisom, a mnogo vi\u0161e s komfort zonom u koju smo se smjestili, katkad nesvjesno i samo po inerciji.<\/em><\/p>\n\n\n\n<p>Za kraj, za nastanak ovog teksta doista veliku i vrlo toplu zahvalnost dugujem <strong>Luki, Neri i Damiru<\/strong>: <\/p>\n\n\n<div class=\"wp-block-image\">\n<figure class=\"aligncenter size-full\"><img loading=\"lazy\" decoding=\"async\" width=\"550\" height=\"559\" src=\"https:\/\/mirisna.com\/wp-content\/uploads\/2020\/03\/Ljubitelji-parfema-Hrvatska-Fb-post.jpg\" alt=\"Ljubitelji-parfema-Hrvatska-Fb post\" class=\"wp-image-5217\" title=\"\" srcset=\"https:\/\/mirisna.com\/wp-content\/uploads\/2020\/03\/Ljubitelji-parfema-Hrvatska-Fb-post.jpg 550w, https:\/\/mirisna.com\/wp-content\/uploads\/2020\/03\/Ljubitelji-parfema-Hrvatska-Fb-post-295x300.jpg 295w\" sizes=\"auto, (max-width: 550px) 100vw, 550px\" \/><figcaption class=\"wp-element-caption\">Lukin post s kojim je izazov krenuo.<\/figcaption><\/figure>\n<\/div>\n\n\n<p> Uz mrvicu adrenalina i solidnu koli\u010dinu zabave, dogodilo se i zbli\u017eavanje te povjerenje koje proizlazi iz dijeljenja poprili\u010dno ogoljavaju\u0107eg iskustva.&nbsp; <\/p>\n","protected":false},"excerpt":{"rendered":"<p>Sredinom studenoga me\u0111u parfemske kolege u Facebook grupi&nbsp;Ljubitelji parfema Hrvatska ba\u010dena je udica s mamcem: Luka, administrator grupe, u postu je objavio kako povremeno sam testira svoj nos tako \u0161to pomije\u0161a sempli\u0107e pa poku\u0161a prepoznati koji je to parfem odabrao naslijepo. Dodao je kako su takva testiranja vrlo korisna. Iako&#8230;<\/p>\n","protected":false},"author":1,"featured_media":1532,"comment_status":"open","ping_status":"closed","sticky":false,"template":"","format":"standard","meta":{"_acf_changed":false,"_kad_blocks_custom_css":"","_kad_blocks_head_custom_js":"","_kad_blocks_body_custom_js":"","_kad_blocks_footer_custom_js":"","_kad_post_transparent":"","_kad_post_title":"","_kad_post_layout":"","_kad_post_sidebar_id":"","_kad_post_content_style":"","_kad_post_vertical_padding":"","_kad_post_feature":"","_kad_post_feature_position":"","_kad_post_header":false,"_kad_post_footer":false,"_kad_post_classname":"","footnotes":""},"categories":[2980,3189],"tags":[],"kreator":[],"topic":[],"brand":[],"parfemska_grupa":[],"note":[],"organization":[],"osobe":[],"serijal":[],"class_list":["post-662","post","type-post","status-publish","format-standard","has-post-thumbnail","hentry","category-teme","category-fokus"],"acf":{"show_related_posts":false,"related-post_1":null,"related-post_2":null,"related-post_3":null,"related-post_4":null,"related-post_5":null,"related-post_6":null,"related-post_7":null,"related-post_8":null,"related-post_9":null,"related-post_10":null},"taxonomy_info":{"category":[{"value":2980,"label":"Teme"},{"value":3189,"label":"Naglasci"}]},"featured_image_src_large":["https:\/\/mirisna.com\/wp-content\/uploads\/2020\/02\/blind-test-challenge-luka.jpg",509,412,false],"author_info":{"display_name":"Iva Mirisna","author_link":"https:\/\/mirisna.com\/hr\/author\/miradmin\/"},"comment_info":0,"category_info":[{"term_id":2980,"name":"Teme","slug":"teme","term_group":0,"term_taxonomy_id":2980,"taxonomy":"category","description":"<p style=\"text-align: left\">Istra\u017eeni i dokumentirani \u010dlanci, vijesti i osvrti, izvje\u0161taji s parfemskih doga\u0111anja<\/p>","parent":0,"count":11,"filter":"raw","term_order":"0","cat_ID":2980,"category_count":11,"category_description":"<p style=\"text-align: left\">Istra\u017eeni i dokumentirani \u010dlanci, vijesti i osvrti, izvje\u0161taji s parfemskih doga\u0111anja<\/p>","cat_name":"Teme","category_nicename":"teme","category_parent":0},{"term_id":3189,"name":"Naglasci","slug":"fokus","term_group":0,"term_taxonomy_id":3189,"taxonomy":"category","description":"","parent":2980,"count":18,"filter":"raw","term_order":"0","cat_ID":3189,"category_count":18,"category_description":"","cat_name":"Naglasci","category_nicename":"fokus","category_parent":2980}],"tag_info":false,"_links":{"self":[{"href":"https:\/\/mirisna.com\/hr\/wp-json\/wp\/v2\/posts\/662","targetHints":{"allow":["GET"]}}],"collection":[{"href":"https:\/\/mirisna.com\/hr\/wp-json\/wp\/v2\/posts"}],"about":[{"href":"https:\/\/mirisna.com\/hr\/wp-json\/wp\/v2\/types\/post"}],"author":[{"embeddable":true,"href":"https:\/\/mirisna.com\/hr\/wp-json\/wp\/v2\/users\/1"}],"replies":[{"embeddable":true,"href":"https:\/\/mirisna.com\/hr\/wp-json\/wp\/v2\/comments?post=662"}],"version-history":[{"count":0,"href":"https:\/\/mirisna.com\/hr\/wp-json\/wp\/v2\/posts\/662\/revisions"}],"wp:featuredmedia":[{"embeddable":true,"href":"https:\/\/mirisna.com\/hr\/wp-json\/wp\/v2\/media\/1532"}],"wp:attachment":[{"href":"https:\/\/mirisna.com\/hr\/wp-json\/wp\/v2\/media?parent=662"}],"wp:term":[{"taxonomy":"category","embeddable":true,"href":"https:\/\/mirisna.com\/hr\/wp-json\/wp\/v2\/categories?post=662"},{"taxonomy":"post_tag","embeddable":true,"href":"https:\/\/mirisna.com\/hr\/wp-json\/wp\/v2\/tags?post=662"},{"taxonomy":"kreator","embeddable":true,"href":"https:\/\/mirisna.com\/hr\/wp-json\/wp\/v2\/kreator?post=662"},{"taxonomy":"topic","embeddable":true,"href":"https:\/\/mirisna.com\/hr\/wp-json\/wp\/v2\/topic?post=662"},{"taxonomy":"brand","embeddable":true,"href":"https:\/\/mirisna.com\/hr\/wp-json\/wp\/v2\/brand?post=662"},{"taxonomy":"parfemska_grupa","embeddable":true,"href":"https:\/\/mirisna.com\/hr\/wp-json\/wp\/v2\/parfemska_grupa?post=662"},{"taxonomy":"note","embeddable":true,"href":"https:\/\/mirisna.com\/hr\/wp-json\/wp\/v2\/note?post=662"},{"taxonomy":"organization","embeddable":true,"href":"https:\/\/mirisna.com\/hr\/wp-json\/wp\/v2\/organization?post=662"},{"taxonomy":"osobe","embeddable":true,"href":"https:\/\/mirisna.com\/hr\/wp-json\/wp\/v2\/osobe?post=662"},{"taxonomy":"serijal","embeddable":true,"href":"https:\/\/mirisna.com\/hr\/wp-json\/wp\/v2\/serijal?post=662"}],"curies":[{"name":"wp","href":"https:\/\/api.w.org\/{rel}","templated":true}]}}