{"id":3464,"date":"2019-04-03T08:11:00","date_gmt":"2019-04-03T06:11:00","guid":{"rendered":"https:\/\/scented-shelf.com\/2019\/04\/molinard-violette-fruity-floral-zapravo\/"},"modified":"2025-05-14T17:34:33","modified_gmt":"2025-05-14T15:34:33","slug":"molinard-violette-fruity-floral-zapravo","status":"publish","type":"post","link":"https:\/\/mirisna.com\/hr\/molinard-violette-fruity-floral-zapravo\/","title":{"rendered":"Violette &#8211; Les Elements Collection \/ Molinard"},"content":{"rendered":"\n<p class=\"has-drop-cap\">Molinardova Violette iz <em>Les Elements Collection<\/em>&nbsp;nije ni\u0161ta \u0161to bi oduzelo dah, ali zato ok, lijepa i kvalitetna. Ono \u0161to sam uspjela probati iz ove Molinardove linije (smokvu, ljubi\u010dicu, vaniliju) je, po meni, svakodnevno nosiv &#8220;safe bet&#8221;, ali na pozitivan na\u010din:<\/p>\n\n\n\n<p>Ku\u0107a Molinard je meni ne\u0161to kao &#8220;designers me\u0111u nicheovima&#8221;. Upravo ovako kao \u0161to izgledaju monoteme iz Molinardovih ljubi\u010dastih bo\u010dica \u017eeljela bih da izgleda baza designersa: provjereno, pouzdano, odmjereno, klasi\u010dno kvalitetno, dostupno i nosivo ve\u0107ini i u svim prilikama, bez iznena\u0111enja i odstupanja.<\/p>\n\n\n\n<p>Violette je proljetna, vo\u0107na ljubi\u010dica, vi\u0161e nego soliflor.<\/p>\n\n\n\n<p>Ljubi\u010dica je uparena s prozra\u010dnim irisom (plavim srodnikom po nje\u017enoj pudrastosti), a osjetim i neku nje\u017eno-slatkastu i jednako proljetnu ru\u017eicu koja nije ba\u0161 crvena. Vo\u0107ni sloj je jasno prisutan i ako bih morala &#8220;vagati&#8221; udio vo\u0107ki u ovom parfemu, a osobito u otvaranju i njegovom srednjem dijelu razvoja &#8211; \u010dini mi se da ga ima koliko i cvje\u0107a. Radi se o &#8220;svje\u017eoj vo\u0107kastosti&#8221;&nbsp; koja funkcionira kao protute\u017ea pudrastosti ljubi\u010dice, daje blagu so\u010dnost te se lijepo dru\u017ei sa zelenkastom zra\u010dno\u0161\u0107u ljubi\u010dicinih listova.<\/p>\n\n\n\n<p>Tek u bazi prevladava cvije\u0107e na mo\u0161usnoj podlozi. Baza je spoj ljubi\u010dice i irisa. Mislim da joj iris daje drvenkastost, gladak, pun mo\u0161us kremastost, a ljubi\u010dica blagi &#8220;lipstick&#8221; \u0161tih.<\/p>\n\n\n\n<p>Vi\u0161e nego vjerna slika, ljubi\u010dica iz naziva je realizirana &#8220;ideja&#8221;: Violette kao da je tek probu\u0111ena i samo umivena u proljetno jutro \u0161e\u0107e livadom, dru\u017ei se s drugim cvije\u0107em i tu i tamo neoptere\u0107eno ubere i zagrize pokoju vo\u0107ku. Definitivno je usput grickala hrskavu jabuku, osjetim blago citruse i crni ribiz. Kosa joj je tako\u0111er oprana \u0161amponom od jabuke.<br><br>Slatkasta je, nekomplicirana je, ali ne i frivolna te prirodna dovoljno da ostvari dojam mladog, svje\u017eeg, vedrog, proljetnog.<\/p>\n\n\n\n<p>Pa ako ovo i nije &#8220;ultimativna ljubi\u010dica&#8221;, ovo je lijep i vrlo nosiv proljetni casual. <br>Lako mogu zamisliti Violette pod kapom neke designers ku\u0107e, samo s nekim netransparentnijim, ali zato vi\u0161e fancy imenom.&nbsp; Ipak, od mora designers rje\u0161enja Molinardovu ljubi\u010dicu dijeli&nbsp; kvaliteta izvedbe. Sretno sam ustvrdila da nema u pozadini onaj &#8220;sveop\u0107i&#8221; miris u koji &#8220;klizne&#8221; znatan dio designersa. &nbsp; <\/p>\n\n\n\n<p>Meni je, osobno, u Violette malo previ\u0161e so\u010dnog vo\u0107a.&nbsp; Osim za proljetna casual sva\u0161tarenja po otvorenom i zatvorenom, ovo je parfem koji bih, da naginjem k vo\u0107no-cvjetnim mirisima, odabrala uvijek kada mirisom koji nosim ne \u017eelim \u0161utke pri\u010dati o sebi, ali niti postaviti ikakvu mirisnu prepreku. O ovoj ljubi\u010dici razmi\u0161ljam kao o nekom ekvivalentu odjevnog &#8220;basica&#8221;, kao o nekoj pamu\u010dnoj, proljetnoj, finoj a obi\u010dnoj maj\u010dici u nekoj blago lila, ili plavoj, ili svijetlo zelenoj&#8230; &nbsp; <\/p>\n\n\n\n<p>Kako je sli\u010dna parfemska nerijetko ko\u0161taju vi\u0161e, a kvalitetom nude manje te mirisom bezveznije, palac gore za svje\u017eu, nje\u017enu, so\u010dnu, simpati\u010dno-jednostavnu, a profiliranu Molinardovu vo\u0107nu ljubi\u010dicu.<\/p>\n\n\n<div class=\"wp-block-image\">\n<figure class=\"aligncenter size-full is-resized\"><img loading=\"lazy\" decoding=\"async\" src=\"https:\/\/mirisna.com\/wp-content\/uploads\/2019\/04\/Molinard-Violette-note.jpeg\" alt=\"\" class=\"wp-image-3522\" width=\"329\" height=\"480\" title=\"\" srcset=\"https:\/\/mirisna.com\/wp-content\/uploads\/2019\/04\/Molinard-Violette-note.jpeg 439w, https:\/\/mirisna.com\/wp-content\/uploads\/2019\/04\/Molinard-Violette-note-206x300.jpeg 206w\" sizes=\"auto, (max-width: 329px) 100vw, 329px\" \/><figcaption class=\"wp-element-caption\">Note sa <a href=\"https:\/\/www.molinard.com\/en\/the-elements-exclusifs\/49-violette.html\" target=\"_blank\" rel=\"noopener\">slu\u017ebene stranice ku\u0107e<\/a><\/figcaption><\/figure>\n<\/div>\n\n\n<p>Violette se ne odlikuje sna\u017enom projekcijom, ali se postojano zadr\u017eava na ko\u017ei do 8 sati te pu\u0161ta blag mirisni trag. Svje\u017ee-pudrasta cvjetnost ljubi\u010dice i irisa te izra\u017eena vo\u0107na so\u010dnost u\u010dinili su da moj nos ovaj parfem pove\u017ee s toplim, rascvjetalim, zrelim prolje\u0107em. Me\u0111utim, vjerujem da je jednako prikladan za cjelogodi\u0161nji go-to casual parfem.<\/p>\n","protected":false},"excerpt":{"rendered":"<p>Violette je proljetna, vo\u0107na ljubi\u010dica, vi\u0161e nego soliflor.<\/p>\n","protected":false},"author":1,"featured_media":3520,"comment_status":"open","ping_status":"closed","sticky":false,"template":"","format":"standard","meta":{"_acf_changed":false,"_kad_blocks_custom_css":"","_kad_blocks_head_custom_js":"","_kad_blocks_body_custom_js":"","_kad_blocks_footer_custom_js":"","_kad_post_transparent":"","_kad_post_title":"","_kad_post_layout":"","_kad_post_sidebar_id":"","_kad_post_content_style":"","_kad_post_vertical_padding":"","_kad_post_feature":"","_kad_post_feature_position":"","_kad_post_header":false,"_kad_post_footer":false,"_kad_post_classname":"","footnotes":""},"categories":[1666],"tags":[],"kreator":[],"topic":[3905],"brand":[2401],"parfemska_grupa":[2018,2020,2035],"note":[2435,2676],"organization":[],"osobe":[],"serijal":[],"class_list":["post-3464","post","type-post","status-publish","format-standard","has-post-thumbnail","hentry","category-parfemi","topic-recenzije","brand-molinard-hr","parfemska_grupa-cvjetni","parfemska_grupa-vocni","parfemska_grupa-zeleni","note-jabuka","note-ljubicica"],"acf":{"show_related_posts":false,"related-post_1":null,"related-post_2":null,"related-post_3":null,"related-post_4":null,"related-post_5":null,"related-post_6":null,"related-post_7":null,"related-post_8":null,"related-post_9":null,"related-post_10":null},"taxonomy_info":{"category":[{"value":1666,"label":"Parfemi"}],"topic":[{"value":3905,"label":"Recenzije"}],"brand":[{"value":2401,"label":"Molinard"}],"parfemska_grupa":[{"value":2018,"label":"Cvjetni"},{"value":2020,"label":"Vo\u0107ni"},{"value":2035,"label":"Zeleni"}],"note":[{"value":2435,"label":"Jabuka"},{"value":2676,"label":"Ljubi\u010dica"}]},"featured_image_src_large":["https:\/\/mirisna.com\/wp-content\/uploads\/2019\/04\/Molinard-Violette-02-e1584451872657.jpeg",499,520,false],"author_info":{"display_name":"Iva Mirisna","author_link":"https:\/\/mirisna.com\/hr\/author\/miradmin\/"},"comment_info":0,"category_info":[{"term_id":1666,"name":"Parfemi","slug":"parfemi","term_group":0,"term_taxonomy_id":1666,"taxonomy":"category","description":"Recenzije parfema, naglasci i nova izdanja","parent":0,"count":113,"filter":"raw","term_order":"0","cat_ID":1666,"category_count":113,"category_description":"Recenzije parfema, naglasci i nova izdanja","cat_name":"Parfemi","category_nicename":"parfemi","category_parent":0}],"tag_info":false,"_links":{"self":[{"href":"https:\/\/mirisna.com\/hr\/wp-json\/wp\/v2\/posts\/3464","targetHints":{"allow":["GET"]}}],"collection":[{"href":"https:\/\/mirisna.com\/hr\/wp-json\/wp\/v2\/posts"}],"about":[{"href":"https:\/\/mirisna.com\/hr\/wp-json\/wp\/v2\/types\/post"}],"author":[{"embeddable":true,"href":"https:\/\/mirisna.com\/hr\/wp-json\/wp\/v2\/users\/1"}],"replies":[{"embeddable":true,"href":"https:\/\/mirisna.com\/hr\/wp-json\/wp\/v2\/comments?post=3464"}],"version-history":[{"count":0,"href":"https:\/\/mirisna.com\/hr\/wp-json\/wp\/v2\/posts\/3464\/revisions"}],"wp:featuredmedia":[{"embeddable":true,"href":"https:\/\/mirisna.com\/hr\/wp-json\/wp\/v2\/media\/3520"}],"wp:attachment":[{"href":"https:\/\/mirisna.com\/hr\/wp-json\/wp\/v2\/media?parent=3464"}],"wp:term":[{"taxonomy":"category","embeddable":true,"href":"https:\/\/mirisna.com\/hr\/wp-json\/wp\/v2\/categories?post=3464"},{"taxonomy":"post_tag","embeddable":true,"href":"https:\/\/mirisna.com\/hr\/wp-json\/wp\/v2\/tags?post=3464"},{"taxonomy":"kreator","embeddable":true,"href":"https:\/\/mirisna.com\/hr\/wp-json\/wp\/v2\/kreator?post=3464"},{"taxonomy":"topic","embeddable":true,"href":"https:\/\/mirisna.com\/hr\/wp-json\/wp\/v2\/topic?post=3464"},{"taxonomy":"brand","embeddable":true,"href":"https:\/\/mirisna.com\/hr\/wp-json\/wp\/v2\/brand?post=3464"},{"taxonomy":"parfemska_grupa","embeddable":true,"href":"https:\/\/mirisna.com\/hr\/wp-json\/wp\/v2\/parfemska_grupa?post=3464"},{"taxonomy":"note","embeddable":true,"href":"https:\/\/mirisna.com\/hr\/wp-json\/wp\/v2\/note?post=3464"},{"taxonomy":"organization","embeddable":true,"href":"https:\/\/mirisna.com\/hr\/wp-json\/wp\/v2\/organization?post=3464"},{"taxonomy":"osobe","embeddable":true,"href":"https:\/\/mirisna.com\/hr\/wp-json\/wp\/v2\/osobe?post=3464"},{"taxonomy":"serijal","embeddable":true,"href":"https:\/\/mirisna.com\/hr\/wp-json\/wp\/v2\/serijal?post=3464"}],"curies":[{"name":"wp","href":"https:\/\/api.w.org\/{rel}","templated":true}]}}