{"id":3388,"date":"2019-07-18T22:30:00","date_gmt":"2019-07-18T20:30:00","guid":{"rendered":"https:\/\/scented-shelf.com\/2019\/07\/eau-ditalie-paestum-rose\/"},"modified":"2025-05-14T17:16:56","modified_gmt":"2025-05-14T15:16:56","slug":"eau-ditalie-paestum-rose","status":"publish","type":"post","link":"https:\/\/mirisna.com\/hr\/eau-ditalie-paestum-rose\/","title":{"rendered":"Paestum Rose \/ Eau d&#8217;Italie"},"content":{"rendered":"\n<p class=\"has-drop-cap\">Kako bi mirisala ru\u017ea koja raste iz materijalnih ostataka minule kulture koja je na\u0161oj, osim materijalnih ru\u0161evina, ostavila duhovne temelje i stupove?<\/p>\n\n\n\n<p>Na ovo pitanje je suptilno i bogato odgovorila <strong>Eau d&#8217;Italie<\/strong>, anga\u017eirav\u0161i <strong>Bertranda Duchaufoura<\/strong> da ispri\u010da pri\u010du o ru\u017ei i ru\u0161evini.<\/p>\n\n\n<style>.kb-image_977617-cf .kb-image-has-overlay:after{opacity:0.3;}<\/style>\n<div class=\"wp-block-kadence-image kb-image_977617-cf\"><figure class=\"aligncenter size-full\"><img loading=\"lazy\" decoding=\"async\" width=\"421\" height=\"421\" src=\"https:\/\/mirisna.com\/wp-content\/uploads\/2019\/07\/Eau-Italie-Paestum-Rose-01.jpg\" alt=\"Paestum Italy\" class=\"kb-img wp-image-3802\" title=\"\" srcset=\"https:\/\/mirisna.com\/wp-content\/uploads\/2019\/07\/Eau-Italie-Paestum-Rose-01.jpg 421w, https:\/\/mirisna.com\/wp-content\/uploads\/2019\/07\/Eau-Italie-Paestum-Rose-01-300x300.jpg 300w, https:\/\/mirisna.com\/wp-content\/uploads\/2019\/07\/Eau-Italie-Paestum-Rose-01-150x150.jpg 150w\" sizes=\"auto, (max-width: 421px) 100vw, 421px\" \/><\/figure><\/div>\n\n\n\n<p><em>Paestum Rose<\/em> je upravo ono \u0161to njeno ime govori &#8211; mirisna slika ru\u017ee koja cvate me\u0111u ru\u0161evinama gr\u010dkog hrama na jugu Italije, okru\u017eena sjenama stupova i blagom toplinom zemlje u boji teracotte i smirne,&nbsp; ru\u017ee koja cvjetanjem i umiranjem ponavlja pri\u010du procvjetalog pa umrlog dru\u0161tva, u Herinom hramu, to\u010dno na mjestu gdje se dodiruju isprepli\u0107u korijeni kulture i cvijeta.<\/p>\n\n\n\n<p>Duchaufour je ovu pri\u010du ispri\u010dao smireno i ispod glasa, suptilno nagla\u0161avaju\u0107i kontraste bez da potcrtava njihovu dramati\u010dnost, kao da tragiku kontrasta vje\u010dnog i prolaznog koje objedinjuju hram i cvjet prenosi vjetrom ili dahom ili slika chiaro-scuro tehnikom preko koje je prevu\u010den patinast filtar sepie.<\/p>\n\n\n\n<p>Paestum ru\u017ea je skromna, samozatajna, nje\u017eno pastelna i kao da je i sama poprimila karakter aromati\u010dne sredozemne vegetacije.<\/p>\n\n\n\n<p>Okru\u017euju ju dim, drvo, smole i za\u010dini, a anti\u010dko-orijentalna paleta nota odi\u0161e prirodnom, neparfemi\u010dnom lako\u0107om i tihom smireno\u0161\u0107u.<\/p>\n\n\n\n<p>Duchaufour je na balzami\u010dno-smolastoj i drvenoj pozadini istaknuo dva suprotna lica ru\u017ee: njenu uljanost i njenu svje\u017einu.<\/p>\n\n\n\n<p>Kontrastna lica ru\u017ee zrcale se u svemu \u010dime je okru\u017eena:&nbsp; njenu uljanu toplinu i meko\u0107u isti\u010de topla smirna, koja naginje k tamnom, gotovo misti\u010dnom, a njenu nje\u017enost i svje\u017einu nagla\u0161ava karkteristi\u010dan Duchaufourov lagan dim, koji vu\u010de k svijetlom i svje\u017eem. Svje\u017ei, a svejedno topli za\u010dinski elementi &#8211; papar i korijandar &#8211; svojom vlastitom dvojno\u0161\u0107u povezuju pozadinu i cvijet.<\/p>\n\n\n<div class=\"wp-block-image\">\n<figure class=\"aligncenter\"><a href=\"https:\/\/mirisna.com\/wp-content\/uploads\/2019\/07\/Paestum-Rose-03.jpg\"><img decoding=\"async\" src=\"https:\/\/mirisna.com\/wp-content\/uploads\/2019\/07\/Paestum-Rose-03.jpg\" alt=\"\" title=\"\"><\/a><\/figure>\n<\/div>\n\n\n<p>Kona\u010dan efekt sudaranja kontrasta u svakoj noti i svakom sloju parfema u\u010dinio je Paestum Rose vi\u0161ezna\u010dnim i vi\u0161edimenzionalnim na poetski ili mitolo\u0161ki na\u010din:<\/p>\n\n\n\n<p>Ru\u017ea \u0161ap\u0107e svoju pri\u010du, balzami, drvo i za\u010dini svoju, a pri\u010de o procvatu i nestajanju se isprepli\u0107u, gotovo sudbinski vezane mjestom. Ru\u017ea postupno kao da postaje tamna poput balzama, a i dalje je svje\u017ea. Toplo balzami\u010dna smirna gotovo da biva hrskavo za\u010dinski osvje\u017eena, lagana i svijetla, kao da di\u0161e svje\u017einom kojom di\u0161e cvijet. Pri\u010du raznosi dim koji kao da istovremeno zamagljuje i izo\u0161trava fokus.<\/p>\n\n\n\n<p>Paestum Rose je dirljivo bogat, dubok i unutra\u0161nje karakterno miran, gotovo meditativan parfem.&nbsp; Posve bez gusto\u0107e i prozra\u010dan, funkcionira sjajno i kao comfort scent i kao formalan parfem s pomakom. Ova unisex ru\u017ea \u010dini mi se u potpunosti nosiva i mu\u0161kom dijelu parfemoljubaca, koji ina\u010de izbjegavaju ru\u017eu.<\/p>\n\n\n\n<p>Da je Paestum Rose slika, mogla bih pred njom sjediti satima, sele\u0107i polako svoju pa\u017enju s jednog chiaro-scuro detalja k drugome, bez potrebe da ra\u0161\u010dlanjujem ono \u0161to samo vrhunska umjetnost \u010dini spontano jasnim.<\/p>\n\n\n<div class=\"wp-block-image\">\n<figure class=\"aligncenter\"><a href=\"https:\/\/mirisna.com\/wp-content\/uploads\/2019\/07\/Paestum-Rose-02.jpg\"><img decoding=\"async\" src=\"https:\/\/mirisna.com\/wp-content\/uploads\/2019\/07\/Paestum-Rose-02.jpg\" alt=\"\" title=\"\"><\/a><\/figure>\n<\/div>\n\n\n<p>Paestum Rose projicira umjereno, malo preko granice osobnog prostora s blagim mirisnim tragom. Na mojoj ko\u017ei parfem se pokazao dugotrajan, prisustvo sam osje\u0107ala i nakon 8+ sati.<\/p>\n\n\n\n<p><a href=\"https:\/\/eauditalie.com\/en\/fragrance\/eauditalie\" target=\"_blank\" rel=\"noopener\">Slu\u017ebena stranica&nbsp;ku\u0107e<\/a>&nbsp;trenutno ne navodi vi\u0161e ovaj parfem te izgleda da se radilo o jednokratnom izdanju cijele kolekcije kojoj pripada Paestum Rose.<br>U sekundarnim izvorima prikazi nota se razlikuju, a uz (ostale i razli\u010dite) svi navode papar, korijander, ru\u017eu, smirnu, drvo i dim, doista glavne kreatore mirisnog srca ovog parfema.&nbsp;<\/p>\n","protected":false},"excerpt":{"rendered":"<p>Duchaufour je na balzami\u010dno-smolastoj i drvenoj podlozi istaknuo dva suprotna lica ru\u017ee: njenu uljanost i njenu svje\u017einu.<\/p>\n","protected":false},"author":1,"featured_media":25186,"comment_status":"closed","ping_status":"closed","sticky":false,"template":"","format":"standard","meta":{"_acf_changed":false,"_kad_blocks_custom_css":"","_kad_blocks_head_custom_js":"","_kad_blocks_body_custom_js":"","_kad_blocks_footer_custom_js":"","_kad_post_transparent":"","_kad_post_title":"","_kad_post_layout":"","_kad_post_sidebar_id":"","_kad_post_content_style":"","_kad_post_vertical_padding":"","_kad_post_feature":"","_kad_post_feature_position":"","_kad_post_header":false,"_kad_post_footer":false,"_kad_post_classname":"","footnotes":""},"categories":[1666],"tags":[],"kreator":[2662],"topic":[3905],"brand":[2798],"parfemska_grupa":[3260,2037,3269,2023,3305],"note":[2181,2666],"organization":[],"osobe":[],"serijal":[],"class_list":["post-3388","post","type-post","status-publish","format-standard","has-post-thumbnail","hentry","category-parfemi","kreator-bertrand-duchaufour","topic-recenzije","brand-eau-ditalie","parfemska_grupa-balzamicno","parfemska_grupa-cvjetno-ambreni","parfemska_grupa-dim","parfemska_grupa-drveni","parfemska_grupa-papreno-paprene-note","note-ruza","note-smirna"],"acf":{"show_related_posts":false,"related-post_1":null,"related-post_2":null,"related-post_3":null,"related-post_4":null,"related-post_5":null,"related-post_6":null,"related-post_7":null,"related-post_8":null,"related-post_9":null,"related-post_10":null},"taxonomy_info":{"category":[{"value":1666,"label":"Parfemi"}],"kreator":[{"value":2662,"label":"Bertrand Duchaufour"}],"topic":[{"value":3905,"label":"Recenzije"}],"brand":[{"value":2798,"label":"Eau d'Italie"}],"parfemska_grupa":[{"value":3260,"label":"Balzami\u010dno"},{"value":2037,"label":"Cvjetno-ambreni"},{"value":3269,"label":"Dim"},{"value":2023,"label":"Drveno"},{"value":3305,"label":"Papreno"}],"note":[{"value":2181,"label":"Ru\u017ea"},{"value":2666,"label":"Smirna"}]},"featured_image_src_large":["https:\/\/mirisna.com\/wp-content\/uploads\/2019\/07\/IMG_20190629_122349-01-01-01-1400x1050.jpeg",1360,1020,true],"author_info":{"display_name":"Iva Mirisna","author_link":"https:\/\/mirisna.com\/hr\/author\/miradmin\/"},"comment_info":0,"category_info":[{"term_id":1666,"name":"Parfemi","slug":"parfemi","term_group":0,"term_taxonomy_id":1666,"taxonomy":"category","description":"Recenzije parfema, naglasci i nova izdanja","parent":0,"count":113,"filter":"raw","term_order":"0","cat_ID":1666,"category_count":113,"category_description":"Recenzije parfema, naglasci i nova izdanja","cat_name":"Parfemi","category_nicename":"parfemi","category_parent":0}],"tag_info":false,"_links":{"self":[{"href":"https:\/\/mirisna.com\/hr\/wp-json\/wp\/v2\/posts\/3388","targetHints":{"allow":["GET"]}}],"collection":[{"href":"https:\/\/mirisna.com\/hr\/wp-json\/wp\/v2\/posts"}],"about":[{"href":"https:\/\/mirisna.com\/hr\/wp-json\/wp\/v2\/types\/post"}],"author":[{"embeddable":true,"href":"https:\/\/mirisna.com\/hr\/wp-json\/wp\/v2\/users\/1"}],"replies":[{"embeddable":true,"href":"https:\/\/mirisna.com\/hr\/wp-json\/wp\/v2\/comments?post=3388"}],"version-history":[{"count":0,"href":"https:\/\/mirisna.com\/hr\/wp-json\/wp\/v2\/posts\/3388\/revisions"}],"wp:featuredmedia":[{"embeddable":true,"href":"https:\/\/mirisna.com\/hr\/wp-json\/wp\/v2\/media\/25186"}],"wp:attachment":[{"href":"https:\/\/mirisna.com\/hr\/wp-json\/wp\/v2\/media?parent=3388"}],"wp:term":[{"taxonomy":"category","embeddable":true,"href":"https:\/\/mirisna.com\/hr\/wp-json\/wp\/v2\/categories?post=3388"},{"taxonomy":"post_tag","embeddable":true,"href":"https:\/\/mirisna.com\/hr\/wp-json\/wp\/v2\/tags?post=3388"},{"taxonomy":"kreator","embeddable":true,"href":"https:\/\/mirisna.com\/hr\/wp-json\/wp\/v2\/kreator?post=3388"},{"taxonomy":"topic","embeddable":true,"href":"https:\/\/mirisna.com\/hr\/wp-json\/wp\/v2\/topic?post=3388"},{"taxonomy":"brand","embeddable":true,"href":"https:\/\/mirisna.com\/hr\/wp-json\/wp\/v2\/brand?post=3388"},{"taxonomy":"parfemska_grupa","embeddable":true,"href":"https:\/\/mirisna.com\/hr\/wp-json\/wp\/v2\/parfemska_grupa?post=3388"},{"taxonomy":"note","embeddable":true,"href":"https:\/\/mirisna.com\/hr\/wp-json\/wp\/v2\/note?post=3388"},{"taxonomy":"organization","embeddable":true,"href":"https:\/\/mirisna.com\/hr\/wp-json\/wp\/v2\/organization?post=3388"},{"taxonomy":"osobe","embeddable":true,"href":"https:\/\/mirisna.com\/hr\/wp-json\/wp\/v2\/osobe?post=3388"},{"taxonomy":"serijal","embeddable":true,"href":"https:\/\/mirisna.com\/hr\/wp-json\/wp\/v2\/serijal?post=3388"}],"curies":[{"name":"wp","href":"https:\/\/api.w.org\/{rel}","templated":true}]}}